{"id":356,"date":"2015-07-11T22:36:34","date_gmt":"2015-07-11T20:36:34","guid":{"rendered":"http:\/\/pefctcm.fr\/wordp\/?p=356"},"modified":"2015-12-19T11:57:28","modified_gmt":"2015-12-19T10:57:28","slug":"lettre-de-la-presidente-2015","status":"publish","type":"post","link":"https:\/\/pefctcm.fr\/?p=356","title":{"rendered":"Lettre de la pr\u00e9sidente 2015"},"content":{"rendered":"<p><a href=\"https:\/\/i1.wp.com\/pefctcm.fr\/wordp\/wp-content\/uploads\/2015\/07\/Zhu-Miansheng-nov-2011-Beijing.jpg\"><img data-attachment-id=\"118\" data-permalink=\"https:\/\/pefctcm.fr\/?attachment_id=118\" data-orig-file=\"https:\/\/i1.wp.com\/pefctcm.fr\/wordp\/wp-content\/uploads\/2015\/07\/Zhu-Miansheng-nov-2011-Beijing.jpg?fit=168%2C234&amp;ssl=1\" data-orig-size=\"168,234\" data-comments-opened=\"0\" data-image-meta=\"{&quot;aperture&quot;:&quot;0&quot;,&quot;credit&quot;:&quot;&quot;,&quot;camera&quot;:&quot;&quot;,&quot;caption&quot;:&quot;&quot;,&quot;created_timestamp&quot;:&quot;0&quot;,&quot;copyright&quot;:&quot;&quot;,&quot;focal_length&quot;:&quot;0&quot;,&quot;iso&quot;:&quot;0&quot;,&quot;shutter_speed&quot;:&quot;0&quot;,&quot;title&quot;:&quot;&quot;,&quot;orientation&quot;:&quot;1&quot;}\" data-image-title=\"Zhu Miansheng nov 2011 Beijing\" data-image-description=\"\" data-medium-file=\"https:\/\/i1.wp.com\/pefctcm.fr\/wordp\/wp-content\/uploads\/2015\/07\/Zhu-Miansheng-nov-2011-Beijing.jpg?fit=168%2C234&amp;ssl=1\" data-large-file=\"https:\/\/i1.wp.com\/pefctcm.fr\/wordp\/wp-content\/uploads\/2015\/07\/Zhu-Miansheng-nov-2011-Beijing.jpg?fit=168%2C234&amp;ssl=1\" loading=\"lazy\" class=\"  wp-image-118 alignleft\" src=\"https:\/\/i1.wp.com\/pefctcm.fr\/wordp\/wp-content\/uploads\/2015\/07\/Zhu-Miansheng-nov-2011-Beijing.jpg?resize=106%2C147\" alt=\"Zhu Miansheng nov 2011 Beijing\" width=\"106\" height=\"147\" data-recalc-dims=\"1\" \/><\/a><\/p>\n<p style=\"text-align: justify;\">Chers amis, chers adh\u00e9rents<\/p>\n<p style=\"text-align: justify;\">Nous avons commenc\u00e9 les vacances d\u2019\u00e9t\u00e9 dans la chaleur europ\u00e9enne. Je vous souhaite de trouver la fraicheur et de passer des vacances agr\u00e9ables et tranquilles avec votre famille et vos proches.<\/p>\n<p style=\"text-align: justify;\">Je vous fais un rapport du travail de notre f\u00e9d\u00e9ration. Pour l\u2019ann\u00e9e 2014, vous pouvez, si vous le voulez vous reporter \u00e0 la lettre du 12 d\u00e9cembre 2014.<!--more--><\/p>\n<ol style=\"text-align: justify;\">\n<li>les 21 et 22 mars Pr Wang Yongzhou a anim\u00e9 le 2<sup>\u00e8me<\/sup> stage d\u2019acupuncture sur la main \u00e0 l\u2019h\u00f4pital de la Piti\u00e9 Salp\u00eatri\u00e8re. Tous les participants sont d\u2019accord pour continuer ces stages d\u2019acupuncture holographique sur les joues et la main, pour consolider la th\u00e9orie et pour bien l\u2019utiliser dans la pratique.<\/li>\n<\/ol>\n<ol style=\"text-align: justify;\" start=\"2\">\n<li>le 26 mai l\u2019Universit\u00e9 de Qinghua \u00e0 P\u00e9kin a invit\u00e9 Pr Ma Boying pour faire une conf\u00e9rence sur \u00ab\u00a0l\u2019histoire de la M\u00e9decine Chinoise en Angleterre et son futur\u00a0\u00bb et Pr Zhu Miansheng pour faire une conf\u00e9rence sur \u00ab\u00a0l\u2019acupuncture Temps-Points-Espace\u00a0\u00bb. Ces conf\u00e9rences ont eu accueil chaleureux et retenu l\u2019attention de l\u2019universit\u00e9.<\/li>\n<\/ol>\n<ol start=\"3\">\n<li style=\"text-align: justify;\">le 28 mai, Ma Boying, Zhu Miansheng, Jiang Dan et Chen Chunxin ont particip\u00e9 \u00e0 l\u2019Universit\u00e9 de M\u00e9decine Chinoise de P\u00e9kin, \u00e0 la c\u00e9r\u00e9monie pour l\u2019anniversaire des 100 ans de la naissance du Pr Ren Yingqiu. Cette manifestation a \u00e9t\u00e9 organis\u00e9e par la fille du Pr Ren avec Ma Boying, Zhu Miansheng et Jiang Dan apr\u00e8s quatre ans de pr\u00e9paration. Ren Yingqiu est un professeur important dans la recherche sur les classiques, sur le Huang di nei jing. C\u2019est un grand sp\u00e9cialiste de M\u00e9decine Chinoise en Chine qui a cr\u00e9\u00e9 une nouvelle branche d\u2019\u00e9tudes\u00a0sur \u00ab\u00a0les diff\u00e9rentes \u00e9coles de M\u00e9decine Chinoise dans les temps anciens\u00a0\u00bb pour \u00e9tudier les r\u00e9f\u00e9rences les plus importantes de la M\u00e9decine Chinoise depuis sa cr\u00e9ation\u00a0. Ma Boying et Zhu Miansheng ont fait un discours dans cette c\u00e9r\u00e9monie. Zhu Miansheng fait partie de la premi\u00e8re g\u00e9n\u00e9ration des \u00e9l\u00e8ves chercheurs du Pr Ren.<\/li>\n<\/ol>\n<ol start=\"4\">\n<li style=\"text-align: justify;\">les 29 et 30 mai Ma Boying, Zhu Miansheng, Jiang Dan, Tang Shulan, Chen Chunxin et Liu Bingkai ont particip\u00e9 \u00e0 la r\u00e9union de l\u2019enseignement pour la\u00a0 \u00ab\u00a0r\u00e9daction des manuels essentiels de M\u00e9decine Chinoise\u00a0\u00bb organis\u00e9 par la f\u00e9d\u00e9ration mondiale WFCMS, pour diff\u00e9rentes branches\u00a0: th\u00e9orie principale de M\u00e9decine Chinoise, acupuncture, maladies de Chaleur, Huang di nei jing, maladies internes, pharmacop\u00e9e.<\/li>\n<\/ol>\n<ol start=\"5\">\n<li style=\"text-align: justify;\">le 7 juin Pr He Jialang a particip\u00e9 \u00e0 la\u00a0\u00ab\u00a0journ\u00e9e de la sant\u00e9 culturelle internationale\u00a0\u00bb dans le cadre de la foire de Milan.<\/li>\n<\/ol>\n<ol start=\"6\">\n<li style=\"text-align: justify;\">du 12 au 15 juin Pr Ma Boying a repr\u00e9sent\u00e9 notre f\u00e9d\u00e9ration \u00e0 la r\u00e9union du bureau de la WFCMS \u00e0 Yangzhou.<\/li>\n<\/ol>\n<ol start=\"7\">\n<li style=\"text-align: justify;\">fin juin le dipl\u00f4me universitaire de pratiques corporelles DUPRAC a \u00e9t\u00e9 mis en place \u00e0 la facult\u00e9 Pierre et Marie Curie \u00e0 l\u2019universit\u00e9 Paris 6. C\u2019est la cr\u00e9ation d\u2019un enseignement de M\u00e9decine Chinoise dans une universit\u00e9 de M\u00e9decine Occidentale. Ce dipl\u00f4me a pour but d\u2019enseigner Dao yin, m\u00e9ditation, Qi gong, Tai ji quan, massage pour expliquer la connaissance du corps humain et les m\u00e9thodes de pr\u00e9vention et de soins dans la M\u00e9decine Chinoise.<\/li>\n<\/ol>\n<p style=\"text-align: justify;\">J\u2019esp\u00e8re votre participation et souhaite votre soutien pour notre f\u00e9d\u00e9ration pour les prochaines activit\u00e9s.<\/p>\n<p>&nbsp;<\/p>\n<ol>\n<li style=\"text-align: justify;\">le 12 septembre au Centre Culturel de la Chine \u00e0 Paris, Ars Asiatica f\u00eate ses 20 ans. C\u2019est aussi le lancement du 1<sup>er<\/sup> des 6 livres de \u00ab\u00a0Zang qi fa shi gong\u00a0\u00bb de Zhu Miansheng, chaque livre \u00e9tant accompagn\u00e9 d\u2019un DVD.<\/li>\n<li style=\"text-align: justify;\">les 24 et 25 septembre, 12<sup>\u00e8me<\/sup> congr\u00e8s de M\u00e9decine Chinoise de la WFCMS \u00e0 Barcelone. Dix membres de notre f\u00e9d\u00e9ration y participeront, et nous aurons un stand et un atelier sur l\u2019acupuncture Temps-Points-Espace. Liu Binkai participera dans la c\u00e9r\u00e9monie Maitre-\u00c9l\u00e8ve organis\u00e9e par la WFCMS.<\/li>\n<li style=\"text-align: justify;\">le 29 septembre une journ\u00e9e franco-chinoise sur la M\u00e9decine Chinoise est organis\u00e9e \u00e0 la Piti\u00e9 Salp\u00eatri\u00e8re pour accueillir une d\u00e9l\u00e9gation de la WFCMS.<\/li>\n<li style=\"text-align: justify;\">les 2, 3, 4 octobre, stage acupuncture Temps-Points-Espace sur Linggui bafa et Feiteng bafa avec Pr Zhu Miansheng et Chen Chunxin, Mathieu Noel, Liu Bingkai.<\/li>\n<li style=\"text-align: justify;\">le 3 octobre, assembl\u00e9e g\u00e9n\u00e9rale de notre f\u00e9d\u00e9ration<\/li>\n<\/ol>\n<p style=\"text-align: justify;\">J\u2019attends de vous rencontrer \u00e0 nouveau et je vous souhaite un bel \u00e9t\u00e9 pas trop chaud et beaucoup de bonheur pour vous et votre famille.<\/p>\n<p>\u00a0le 11 juillet \u00e0 Paris<\/p>\n","protected":false},"excerpt":{"rendered":"<p>Chers amis, chers adh\u00e9rents Nous avons commenc\u00e9 les vacances d\u2019\u00e9t\u00e9 dans la chaleur europ\u00e9enne. Je vous souhaite de trouver la fraicheur et de passer des vacances agr\u00e9ables et tranquilles avec votre famille et vos proches. Je vous fais un rapport<\/p>\n","protected":false},"author":1,"featured_media":0,"comment_status":"closed","ping_status":"open","sticky":false,"template":"","format":"standard","meta":{"spay_email":"","jetpack_publicize_message":""},"categories":[1],"tags":[],"jetpack_featured_media_url":"","jetpack_publicize_connections":[],"yoast_head":"<!-- This site is optimized with the Yoast SEO plugin v15.0 - https:\/\/yoast.com\/wordpress\/plugins\/seo\/ -->\n<title>Lettre de la pr\u00e9sidente 2015 - PEFCTCM<\/title>\n<meta name=\"robots\" content=\"index, follow, max-snippet:-1, max-image-preview:large, max-video-preview:-1\" \/>\n<link rel=\"canonical\" href=\"http:\/\/pefctcm.fr\/?p=356\" \/>\n<meta property=\"og:locale\" content=\"fr_FR\" \/>\n<meta property=\"og:type\" content=\"article\" \/>\n<meta property=\"og:title\" content=\"Lettre de la pr\u00e9sidente 2015 - PEFCTCM\" \/>\n<meta property=\"og:description\" content=\"Chers amis, chers adh\u00e9rents Nous avons commenc\u00e9 les vacances d\u2019\u00e9t\u00e9 dans la chaleur europ\u00e9enne. Je vous souhaite de trouver la fraicheur et de passer des vacances agr\u00e9ables et tranquilles avec votre famille et vos proches. Je vous fais un rapport\" \/>\n<meta property=\"og:url\" content=\"http:\/\/pefctcm.fr\/?p=356\" \/>\n<meta property=\"og:site_name\" content=\"PEFCTCM\" \/>\n<meta property=\"article:published_time\" content=\"2015-07-11T20:36:34+00:00\" \/>\n<meta property=\"article:modified_time\" content=\"2015-12-19T10:57:28+00:00\" \/>\n<meta property=\"og:image\" content=\"http:\/\/pefctcm.fr\/wordp\/wp-content\/uploads\/2015\/07\/Zhu-Miansheng-nov-2011-Beijing.jpg\" \/>\n<meta name=\"twitter:card\" content=\"summary\" \/>\n<script type=\"application\/ld+json\" class=\"yoast-schema-graph\">{\"@context\":\"https:\/\/schema.org\",\"@graph\":[{\"@type\":\"WebSite\",\"@id\":\"https:\/\/pefctcm.fr\/#website\",\"url\":\"https:\/\/pefctcm.fr\/\",\"name\":\"PEFCTCM\",\"description\":\"\",\"potentialAction\":[{\"@type\":\"SearchAction\",\"target\":\"https:\/\/pefctcm.fr\/?s={search_term_string}\",\"query-input\":\"required name=search_term_string\"}],\"inLanguage\":\"fr-FR\"},{\"@type\":\"ImageObject\",\"@id\":\"http:\/\/pefctcm.fr\/?p=356#primaryimage\",\"inLanguage\":\"fr-FR\",\"url\":\"http:\/\/pefctcm.fr\/wordp\/wp-content\/uploads\/2015\/07\/Zhu-Miansheng-nov-2011-Beijing.jpg\"},{\"@type\":\"WebPage\",\"@id\":\"http:\/\/pefctcm.fr\/?p=356#webpage\",\"url\":\"http:\/\/pefctcm.fr\/?p=356\",\"name\":\"Lettre de la pr\\u00e9sidente 2015 - PEFCTCM\",\"isPartOf\":{\"@id\":\"https:\/\/pefctcm.fr\/#website\"},\"primaryImageOfPage\":{\"@id\":\"http:\/\/pefctcm.fr\/?p=356#primaryimage\"},\"datePublished\":\"2015-07-11T20:36:34+00:00\",\"dateModified\":\"2015-12-19T10:57:28+00:00\",\"author\":{\"@id\":\"https:\/\/pefctcm.fr\/#\/schema\/person\/f69266feb7d63d32f6293f00585d8f9a\"},\"inLanguage\":\"fr-FR\",\"potentialAction\":[{\"@type\":\"ReadAction\",\"target\":[\"http:\/\/pefctcm.fr\/?p=356\"]}]},{\"@type\":\"Person\",\"@id\":\"https:\/\/pefctcm.fr\/#\/schema\/person\/f69266feb7d63d32f6293f00585d8f9a\",\"name\":\".\",\"image\":{\"@type\":\"ImageObject\",\"@id\":\"https:\/\/pefctcm.fr\/#personlogo\",\"inLanguage\":\"fr-FR\",\"url\":\"https:\/\/secure.gravatar.com\/avatar\/ea22c9e0abd14a825698da9fb9e013a3?s=96&d=mm&r=g\",\"caption\":\".\"}}]}<\/script>\n<!-- \/ Yoast SEO plugin. -->","jetpack_sharing_enabled":true,"jetpack_shortlink":"https:\/\/wp.me\/p6sALD-5K","jetpack-related-posts":[{"id":1117,"url":"https:\/\/pefctcm.fr\/?p=1117","url_meta":{"origin":356,"position":0},"title":"Lettre pr\u00e9sidente 1er octobre 2020","date":"3 octobre 2020","format":false,"excerpt":"Chers coll\u00e8gues, chers membres et amis, Pendant la p\u00e9riode de l\u2019\u00e9quinoxe d\u2019automne, ce 1er octobre qui est la f\u00eate nationale chinoise est aussi cette ann\u00e9e la f\u00eate de la Lune. En cette p\u00e9riode particuli\u00e8re et difficile, nous vous souhaitons avec le c\u0153ur, la paix, et la r\u00e9ussite dans votre pratique.\u2026","rel":"","context":"Dans &quot;Actualit\u00e9s&quot;","img":{"alt_text":"","src":"","width":0,"height":0},"classes":[]},{"id":1089,"url":"https:\/\/pefctcm.fr\/?p=1089","url_meta":{"origin":356,"position":1},"title":"Lettre de la pr\u00e9sidente, octobre 2019","date":"20 octobre 2019","format":false,"excerpt":"Chers amis, Chers adh\u00e9rents, Quelques mots pour pr\u00e9senter la journ\u00e9e de la m\u00e9decine Chinoise qui a eu lieu le 4 octobre 2019. En novembre de l\u2019ann\u00e9e derni\u00e8re lors du 15\u00e8me congr\u00e8s international de M\u00e9decine Chinoise de la WFCMS \u00e0 Rome, la WFCMS a publi\u00e9 une d\u00e9claration sur la M\u00e9decine Chinoise\u2026","rel":"","context":"Dans &quot;Tous&quot;","img":{"alt_text":"","src":"","width":0,"height":0},"classes":[]},{"id":1009,"url":"https:\/\/pefctcm.fr\/?p=1009","url_meta":{"origin":356,"position":2},"title":"programme de 2 ans ATAS 2018-2019 \u00e0 Paris","date":"15 novembre 2018","format":false,"excerpt":"4 M\u00e9thodes, 4 stages, 4 week-end, 2 ans Le programme d'\u00e9tude permet d'apprendre \u00e0 utiliser les 4 m\u00e9thodes classiques de chrono-acupuncture en 4 week end r\u00e9partis sur 2 ann\u00e9es, ainsi donc, sur une ann\u00e9e,\u00a0 les 2 m\u00e9thodes utilisant les points clefs d'ouverture des m\u00e9ridiens curieux: Linggui bafa et Feiteng bafa\u2026","rel":"","context":"Dans &quot;S\u00e9minaires&quot;","img":{"alt_text":"","src":"","width":0,"height":0},"classes":[]},{"id":1071,"url":"https:\/\/pefctcm.fr\/?p=1071","url_meta":{"origin":356,"position":3},"title":"Journ\u00e9e mondiale de la MTC 2019 \u00e0 Paris","date":"20 octobre 2019","format":false,"excerpt":"Accueil de Monsieur Yuming SUN, conseiller minist\u00e9riel du service scientifique et technique de l\u2019Ambassade de Chine en France par Miansheng ZHU, pr\u00e9sident de PEFCTCM, au Centre Culturel\u00a0de\u00a0Chine\u00a0\u00e0\u00a0Paris Photo de groupe: Boying MA, pr\u00e9sident de PEFCTCM en Angleterre, Chunxing CHEN vice-pr\u00e9sident de PEFCTCM\uff0cBingsheng YUAN\uff0cvice-pr\u00e9sident de PEFCTCM en Angleterre et les autres\u2026","rel":"","context":"Dans &quot;Galeries&quot;","img":{"alt_text":"","src":"https:\/\/i0.wp.com\/pefctcm.fr\/wordp\/wp-content\/uploads\/2019\/10\/0-World-Chinese-Medicine-Day-04-10-2019Mathieu-Noel.png?resize=350%2C200&ssl=1","width":350,"height":200},"classes":[]},{"id":1051,"url":"https:\/\/pefctcm.fr\/?p=1051","url_meta":{"origin":356,"position":4},"title":"Cycle de formation ATAS 2019-2020","date":"7 juillet 2019","format":false,"excerpt":"- Les 4&5 octobre 2019 aura lieu le s\u00e9minaire de synth\u00e8se en Acupuncture Temps-Points-Espace, ATAS-\u65f6\u7a7a\u9488\u7078 pr\u00e9sid\u00e9 par Me ZHU Miansheng, une premi\u00e8re journ\u00e9e aura lieu au Centre culturel de Chine \u00e0 Paris 1 Boulevard de la Tour-Maubourg 75007 Paris la deuxi\u00e8me journ\u00e9e aura lieu au 28bis rue Camel prolong\u00e9, 75018\u2026","rel":"","context":"Dans &quot;S\u00e9minaires&quot;","img":{"alt_text":"","src":"","width":0,"height":0},"classes":[]},{"id":1020,"url":"https:\/\/pefctcm.fr\/?p=1020","url_meta":{"origin":356,"position":5},"title":"galerie photo congr\u00e8s 2018: WAFAS \u00e0 Paris et WFCMS \u00e0 Rome,","date":"29 d\u00e9cembre 2018","format":false,"excerpt":"l'ann\u00e9e 2018 a \u00e9t\u00e9 charg\u00e9e en voyages et rencontres voici un aper\u00e7u en quelques photos ! \u00a0 pr\u00e9sentation d'immunologie de Ju Liya et Zhu Miansheng \u00e0 Kunming \u00a0 \u00a0 \u00a0 \u00a0 lors de la 18\u00b0 cession du congr\u00e8s mondial de la WFCTCM \u00e0 Rome \u00a0 Organis\u00e9\u00a0 et pr\u00e9sid\u00e9 par Pr\u2026","rel":"","context":"Dans &quot;Galeries&quot;","img":{"alt_text":"","src":"https:\/\/i2.wp.com\/pefctcm.fr\/wordp\/wp-content\/uploads\/2018\/12\/IMG_1782-300x225.jpg?resize=350%2C200","width":350,"height":200},"classes":[]}],"_links":{"self":[{"href":"https:\/\/pefctcm.fr\/index.php?rest_route=\/wp\/v2\/posts\/356"}],"collection":[{"href":"https:\/\/pefctcm.fr\/index.php?rest_route=\/wp\/v2\/posts"}],"about":[{"href":"https:\/\/pefctcm.fr\/index.php?rest_route=\/wp\/v2\/types\/post"}],"author":[{"embeddable":true,"href":"https:\/\/pefctcm.fr\/index.php?rest_route=\/wp\/v2\/users\/1"}],"replies":[{"embeddable":true,"href":"https:\/\/pefctcm.fr\/index.php?rest_route=%2Fwp%2Fv2%2Fcomments&post=356"}],"version-history":[{"count":12,"href":"https:\/\/pefctcm.fr\/index.php?rest_route=\/wp\/v2\/posts\/356\/revisions"}],"predecessor-version":[{"id":593,"href":"https:\/\/pefctcm.fr\/index.php?rest_route=\/wp\/v2\/posts\/356\/revisions\/593"}],"wp:attachment":[{"href":"https:\/\/pefctcm.fr\/index.php?rest_route=%2Fwp%2Fv2%2Fmedia&parent=356"}],"wp:term":[{"taxonomy":"category","embeddable":true,"href":"https:\/\/pefctcm.fr\/index.php?rest_route=%2Fwp%2Fv2%2Fcategories&post=356"},{"taxonomy":"post_tag","embeddable":true,"href":"https:\/\/pefctcm.fr\/index.php?rest_route=%2Fwp%2Fv2%2Ftags&post=356"}],"curies":[{"name":"wp","href":"https:\/\/api.w.org\/{rel}","templated":true}]}}