{"id":983,"date":"2017-11-07T21:21:27","date_gmt":"2017-11-07T20:21:27","guid":{"rendered":"http:\/\/pefctcm.fr\/wordp\/?p=983"},"modified":"2017-11-07T21:21:27","modified_gmt":"2017-11-07T20:21:27","slug":"14-congres-de-wfcms-a-bangkok-2017","status":"publish","type":"post","link":"https:\/\/pefctcm.fr\/?p=983","title":{"rendered":"14\u00b0 congr\u00e8s de la WFCMS \u00e0 Bangkok, 2017"},"content":{"rendered":"<p><img data-attachment-id=\"988\" data-permalink=\"https:\/\/pefctcm.fr\/?attachment_id=988\" data-orig-file=\"https:\/\/i1.wp.com\/pefctcm.fr\/wordp\/wp-content\/uploads\/2017\/11\/photos3.jpg?fit=800%2C600&amp;ssl=1\" data-orig-size=\"800,600\" data-comments-opened=\"0\" data-image-meta=\"{&quot;aperture&quot;:&quot;0&quot;,&quot;credit&quot;:&quot;&quot;,&quot;camera&quot;:&quot;&quot;,&quot;caption&quot;:&quot;&quot;,&quot;created_timestamp&quot;:&quot;0&quot;,&quot;copyright&quot;:&quot;&quot;,&quot;focal_length&quot;:&quot;0&quot;,&quot;iso&quot;:&quot;0&quot;,&quot;shutter_speed&quot;:&quot;0&quot;,&quot;title&quot;:&quot;&quot;,&quot;orientation&quot;:&quot;1&quot;}\" data-image-title=\"photos3\" data-image-description=\"\" data-medium-file=\"https:\/\/i1.wp.com\/pefctcm.fr\/wordp\/wp-content\/uploads\/2017\/11\/photos3.jpg?fit=300%2C225&amp;ssl=1\" data-large-file=\"https:\/\/i1.wp.com\/pefctcm.fr\/wordp\/wp-content\/uploads\/2017\/11\/photos3.jpg?fit=750%2C563&amp;ssl=1\" loading=\"lazy\" class=\"alignnone size-medium wp-image-988\" src=\"https:\/\/i1.wp.com\/pefctcm.fr\/wordp\/wp-content\/uploads\/2017\/11\/photos3.jpg?resize=300%2C225\" alt=\"\" width=\"300\" height=\"225\" srcset=\"https:\/\/i1.wp.com\/pefctcm.fr\/wordp\/wp-content\/uploads\/2017\/11\/photos3.jpg?resize=300%2C225&amp;ssl=1 300w, https:\/\/i1.wp.com\/pefctcm.fr\/wordp\/wp-content\/uploads\/2017\/11\/photos3.jpg?resize=768%2C576&amp;ssl=1 768w, https:\/\/i1.wp.com\/pefctcm.fr\/wordp\/wp-content\/uploads\/2017\/11\/photos3.jpg?w=800&amp;ssl=1 800w\" sizes=\"(max-width: 300px) 100vw, 300px\" data-recalc-dims=\"1\" \/><\/p>\n<p>Apr\u00e8s 3 ann\u00e9es, finalisation du premier cycle du Master-Aprentice Program d\u00e9cernant le titre de \u00ab\u00a0international TCM Talent\u00a0\u00bb \u00e0 Chen Chunxin et Mathieu No\u00ebl sous la direction de Pr Zhu Mainsheng et de la WFCMCS<\/p>\n<p><img data-attachment-id=\"984\" data-permalink=\"https:\/\/pefctcm.fr\/?attachment_id=984\" data-orig-file=\"https:\/\/i1.wp.com\/pefctcm.fr\/wordp\/wp-content\/uploads\/2017\/11\/IMG_8954.jpg?fit=1440%2C1080&amp;ssl=1\" data-orig-size=\"1440,1080\" data-comments-opened=\"0\" data-image-meta=\"{&quot;aperture&quot;:&quot;0&quot;,&quot;credit&quot;:&quot;&quot;,&quot;camera&quot;:&quot;&quot;,&quot;caption&quot;:&quot;&quot;,&quot;created_timestamp&quot;:&quot;0&quot;,&quot;copyright&quot;:&quot;&quot;,&quot;focal_length&quot;:&quot;0&quot;,&quot;iso&quot;:&quot;0&quot;,&quot;shutter_speed&quot;:&quot;0&quot;,&quot;title&quot;:&quot;&quot;,&quot;orientation&quot;:&quot;1&quot;}\" data-image-title=\"IMG_8954\" data-image-description=\"\" data-medium-file=\"https:\/\/i1.wp.com\/pefctcm.fr\/wordp\/wp-content\/uploads\/2017\/11\/IMG_8954.jpg?fit=300%2C225&amp;ssl=1\" data-large-file=\"https:\/\/i1.wp.com\/pefctcm.fr\/wordp\/wp-content\/uploads\/2017\/11\/IMG_8954.jpg?fit=750%2C563&amp;ssl=1\" loading=\"lazy\" class=\"alignnone size-medium wp-image-984\" src=\"https:\/\/i1.wp.com\/pefctcm.fr\/wordp\/wp-content\/uploads\/2017\/11\/IMG_8954.jpg?resize=300%2C225\" alt=\"\" width=\"300\" height=\"225\" srcset=\"https:\/\/i1.wp.com\/pefctcm.fr\/wordp\/wp-content\/uploads\/2017\/11\/IMG_8954.jpg?resize=300%2C225&amp;ssl=1 300w, https:\/\/i1.wp.com\/pefctcm.fr\/wordp\/wp-content\/uploads\/2017\/11\/IMG_8954.jpg?resize=768%2C576&amp;ssl=1 768w, https:\/\/i1.wp.com\/pefctcm.fr\/wordp\/wp-content\/uploads\/2017\/11\/IMG_8954.jpg?resize=1024%2C768&amp;ssl=1 1024w, https:\/\/i1.wp.com\/pefctcm.fr\/wordp\/wp-content\/uploads\/2017\/11\/IMG_8954.jpg?w=1440&amp;ssl=1 1440w\" sizes=\"(max-width: 300px) 100vw, 300px\" data-recalc-dims=\"1\" \/><\/p>\n<p>rencontre avec la f\u00e9d\u00e9ration du Yunnan<\/p>\n<p><img data-attachment-id=\"986\" data-permalink=\"https:\/\/pefctcm.fr\/?attachment_id=986\" data-orig-file=\"https:\/\/i2.wp.com\/pefctcm.fr\/wordp\/wp-content\/uploads\/2017\/11\/IMG_8958.jpg?fit=852%2C640&amp;ssl=1\" data-orig-size=\"852,640\" data-comments-opened=\"0\" data-image-meta=\"{&quot;aperture&quot;:&quot;0&quot;,&quot;credit&quot;:&quot;&quot;,&quot;camera&quot;:&quot;&quot;,&quot;caption&quot;:&quot;&quot;,&quot;created_timestamp&quot;:&quot;0&quot;,&quot;copyright&quot;:&quot;&quot;,&quot;focal_length&quot;:&quot;0&quot;,&quot;iso&quot;:&quot;0&quot;,&quot;shutter_speed&quot;:&quot;0&quot;,&quot;title&quot;:&quot;&quot;,&quot;orientation&quot;:&quot;1&quot;}\" data-image-title=\"IMG_8958\" data-image-description=\"\" data-medium-file=\"https:\/\/i2.wp.com\/pefctcm.fr\/wordp\/wp-content\/uploads\/2017\/11\/IMG_8958.jpg?fit=300%2C225&amp;ssl=1\" data-large-file=\"https:\/\/i2.wp.com\/pefctcm.fr\/wordp\/wp-content\/uploads\/2017\/11\/IMG_8958.jpg?fit=750%2C563&amp;ssl=1\" loading=\"lazy\" class=\"alignnone size-medium wp-image-986\" src=\"https:\/\/i2.wp.com\/pefctcm.fr\/wordp\/wp-content\/uploads\/2017\/11\/IMG_8958.jpg?resize=300%2C225\" alt=\"\" width=\"300\" height=\"225\" srcset=\"https:\/\/i2.wp.com\/pefctcm.fr\/wordp\/wp-content\/uploads\/2017\/11\/IMG_8958.jpg?resize=300%2C225&amp;ssl=1 300w, https:\/\/i2.wp.com\/pefctcm.fr\/wordp\/wp-content\/uploads\/2017\/11\/IMG_8958.jpg?resize=768%2C577&amp;ssl=1 768w, https:\/\/i2.wp.com\/pefctcm.fr\/wordp\/wp-content\/uploads\/2017\/11\/IMG_8958.jpg?w=852&amp;ssl=1 852w\" sizes=\"(max-width: 300px) 100vw, 300px\" data-recalc-dims=\"1\" \/><\/p>\n<p>Avec les pr\u00e9sidents de la PEFCTCM He Jialang et Zhu Miansheng et le pr\u00e9sident de la f\u00e9d\u00e9ration de nouvelle Zelande et Liu Bingkai et Mathieu NOEL<\/p>\n<p>&nbsp;<\/p>\n<p>&nbsp;<\/p>\n<p><img data-attachment-id=\"989\" data-permalink=\"https:\/\/pefctcm.fr\/?attachment_id=989\" data-orig-file=\"https:\/\/i0.wp.com\/pefctcm.fr\/wordp\/wp-content\/uploads\/2017\/11\/IMG_8923.jpg?fit=852%2C640&amp;ssl=1\" data-orig-size=\"852,640\" data-comments-opened=\"0\" data-image-meta=\"{&quot;aperture&quot;:&quot;0&quot;,&quot;credit&quot;:&quot;&quot;,&quot;camera&quot;:&quot;&quot;,&quot;caption&quot;:&quot;&quot;,&quot;created_timestamp&quot;:&quot;0&quot;,&quot;copyright&quot;:&quot;&quot;,&quot;focal_length&quot;:&quot;0&quot;,&quot;iso&quot;:&quot;0&quot;,&quot;shutter_speed&quot;:&quot;0&quot;,&quot;title&quot;:&quot;&quot;,&quot;orientation&quot;:&quot;1&quot;}\" data-image-title=\"IMG_8923\" data-image-description=\"\" data-medium-file=\"https:\/\/i0.wp.com\/pefctcm.fr\/wordp\/wp-content\/uploads\/2017\/11\/IMG_8923.jpg?fit=300%2C225&amp;ssl=1\" data-large-file=\"https:\/\/i0.wp.com\/pefctcm.fr\/wordp\/wp-content\/uploads\/2017\/11\/IMG_8923.jpg?fit=750%2C563&amp;ssl=1\" loading=\"lazy\" class=\"alignnone size-medium wp-image-989\" src=\"https:\/\/i0.wp.com\/pefctcm.fr\/wordp\/wp-content\/uploads\/2017\/11\/IMG_8923.jpg?resize=300%2C225\" alt=\"\" width=\"300\" height=\"225\" srcset=\"https:\/\/i0.wp.com\/pefctcm.fr\/wordp\/wp-content\/uploads\/2017\/11\/IMG_8923.jpg?resize=300%2C225&amp;ssl=1 300w, https:\/\/i0.wp.com\/pefctcm.fr\/wordp\/wp-content\/uploads\/2017\/11\/IMG_8923.jpg?resize=768%2C577&amp;ssl=1 768w, https:\/\/i0.wp.com\/pefctcm.fr\/wordp\/wp-content\/uploads\/2017\/11\/IMG_8923.jpg?w=852&amp;ssl=1 852w\" sizes=\"(max-width: 300px) 100vw, 300px\" data-recalc-dims=\"1\" \/><\/p>\n<p>rencontre avec le pr\u00e9sident des f\u00e9d\u00e9rations d&rsquo;acupuncture de Hongrie<\/p>\n","protected":false},"excerpt":{"rendered":"<p>Apr\u00e8s 3 ann\u00e9es, finalisation du premier cycle du Master-Aprentice Program d\u00e9cernant le titre de \u00ab\u00a0international TCM Talent\u00a0\u00bb \u00e0 Chen Chunxin et Mathieu No\u00ebl sous la direction de Pr Zhu Mainsheng et de la WFCMCS rencontre avec la f\u00e9d\u00e9ration du Yunnan<\/p>\n","protected":false},"author":1,"featured_media":0,"comment_status":"closed","ping_status":"open","sticky":false,"template":"","format":"standard","meta":{"spay_email":"","jetpack_publicize_message":""},"categories":[33],"tags":[],"jetpack_featured_media_url":"","jetpack_publicize_connections":[],"yoast_head":"<!-- This site is optimized with the Yoast SEO plugin v15.0 - https:\/\/yoast.com\/wordpress\/plugins\/seo\/ -->\n<title>14\u00b0 congr\u00e8s de la WFCMS \u00e0 Bangkok, 2017 - PEFCTCM<\/title>\n<meta name=\"robots\" content=\"index, follow, max-snippet:-1, max-image-preview:large, max-video-preview:-1\" \/>\n<link rel=\"canonical\" href=\"http:\/\/pefctcm.fr\/?p=983\" \/>\n<meta property=\"og:locale\" content=\"fr_FR\" \/>\n<meta property=\"og:type\" content=\"article\" \/>\n<meta property=\"og:title\" content=\"14\u00b0 congr\u00e8s de la WFCMS \u00e0 Bangkok, 2017 - PEFCTCM\" \/>\n<meta property=\"og:description\" content=\"Apr\u00e8s 3 ann\u00e9es, finalisation du premier cycle du Master-Aprentice Program d\u00e9cernant le titre de \u00ab\u00a0international TCM Talent\u00a0\u00bb \u00e0 Chen Chunxin et Mathieu No\u00ebl sous la direction de Pr Zhu Mainsheng et de la WFCMCS rencontre avec la f\u00e9d\u00e9ration du Yunnan\" \/>\n<meta property=\"og:url\" content=\"http:\/\/pefctcm.fr\/?p=983\" \/>\n<meta property=\"og:site_name\" content=\"PEFCTCM\" \/>\n<meta property=\"article:published_time\" content=\"2017-11-07T20:21:27+00:00\" \/>\n<meta property=\"og:image\" content=\"http:\/\/pefctcm.fr\/wordp\/wp-content\/uploads\/2017\/11\/photos3-300x225.jpg\" \/>\n<meta name=\"twitter:card\" content=\"summary\" \/>\n<script type=\"application\/ld+json\" class=\"yoast-schema-graph\">{\"@context\":\"https:\/\/schema.org\",\"@graph\":[{\"@type\":\"WebSite\",\"@id\":\"https:\/\/pefctcm.fr\/#website\",\"url\":\"https:\/\/pefctcm.fr\/\",\"name\":\"PEFCTCM\",\"description\":\"\",\"potentialAction\":[{\"@type\":\"SearchAction\",\"target\":\"https:\/\/pefctcm.fr\/?s={search_term_string}\",\"query-input\":\"required name=search_term_string\"}],\"inLanguage\":\"fr-FR\"},{\"@type\":\"ImageObject\",\"@id\":\"http:\/\/pefctcm.fr\/?p=983#primaryimage\",\"inLanguage\":\"fr-FR\",\"url\":\"http:\/\/pefctcm.fr\/wordp\/wp-content\/uploads\/2017\/11\/photos3-300x225.jpg\"},{\"@type\":\"WebPage\",\"@id\":\"http:\/\/pefctcm.fr\/?p=983#webpage\",\"url\":\"http:\/\/pefctcm.fr\/?p=983\",\"name\":\"14\\u00b0 congr\\u00e8s de la WFCMS \\u00e0 Bangkok, 2017 - PEFCTCM\",\"isPartOf\":{\"@id\":\"https:\/\/pefctcm.fr\/#website\"},\"primaryImageOfPage\":{\"@id\":\"http:\/\/pefctcm.fr\/?p=983#primaryimage\"},\"datePublished\":\"2017-11-07T20:21:27+00:00\",\"dateModified\":\"2017-11-07T20:21:27+00:00\",\"author\":{\"@id\":\"https:\/\/pefctcm.fr\/#\/schema\/person\/f69266feb7d63d32f6293f00585d8f9a\"},\"inLanguage\":\"fr-FR\",\"potentialAction\":[{\"@type\":\"ReadAction\",\"target\":[\"http:\/\/pefctcm.fr\/?p=983\"]}]},{\"@type\":\"Person\",\"@id\":\"https:\/\/pefctcm.fr\/#\/schema\/person\/f69266feb7d63d32f6293f00585d8f9a\",\"name\":\".\",\"image\":{\"@type\":\"ImageObject\",\"@id\":\"https:\/\/pefctcm.fr\/#personlogo\",\"inLanguage\":\"fr-FR\",\"url\":\"https:\/\/secure.gravatar.com\/avatar\/ea22c9e0abd14a825698da9fb9e013a3?s=96&d=mm&r=g\",\"caption\":\".\"}}]}<\/script>\n<!-- \/ Yoast SEO plugin. -->","jetpack_sharing_enabled":true,"jetpack_shortlink":"https:\/\/wp.me\/p6sALD-fR","jetpack-related-posts":[{"id":1071,"url":"https:\/\/pefctcm.fr\/?p=1071","url_meta":{"origin":983,"position":0},"title":"Journ\u00e9e mondiale de la MTC 2019 \u00e0 Paris","date":"20 octobre 2019","format":false,"excerpt":"Accueil de Monsieur Yuming SUN, conseiller minist\u00e9riel du service scientifique et technique de l\u2019Ambassade de Chine en France par Miansheng ZHU, pr\u00e9sident de PEFCTCM, au Centre Culturel\u00a0de\u00a0Chine\u00a0\u00e0\u00a0Paris Photo de groupe: Boying MA, pr\u00e9sident de PEFCTCM en Angleterre, Chunxing CHEN vice-pr\u00e9sident de PEFCTCM\uff0cBingsheng YUAN\uff0cvice-pr\u00e9sident de PEFCTCM en Angleterre et les autres\u2026","rel":"","context":"Dans &quot;Galeries&quot;","img":{"alt_text":"","src":"https:\/\/i0.wp.com\/pefctcm.fr\/wordp\/wp-content\/uploads\/2019\/10\/0-World-Chinese-Medicine-Day-04-10-2019Mathieu-Noel.png?resize=350%2C200&ssl=1","width":350,"height":200},"classes":[]},{"id":1051,"url":"https:\/\/pefctcm.fr\/?p=1051","url_meta":{"origin":983,"position":1},"title":"Cycle de formation ATAS 2019-2020","date":"7 juillet 2019","format":false,"excerpt":"- Les 4&5 octobre 2019 aura lieu le s\u00e9minaire de synth\u00e8se en Acupuncture Temps-Points-Espace, ATAS-\u65f6\u7a7a\u9488\u7078 pr\u00e9sid\u00e9 par Me ZHU Miansheng, une premi\u00e8re journ\u00e9e aura lieu au Centre culturel de Chine \u00e0 Paris 1 Boulevard de la Tour-Maubourg 75007 Paris la deuxi\u00e8me journ\u00e9e aura lieu au 28bis rue Camel prolong\u00e9, 75018\u2026","rel":"","context":"Dans &quot;S\u00e9minaires&quot;","img":{"alt_text":"","src":"","width":0,"height":0},"classes":[]},{"id":1020,"url":"https:\/\/pefctcm.fr\/?p=1020","url_meta":{"origin":983,"position":2},"title":"galerie photo congr\u00e8s 2018: WAFAS \u00e0 Paris et WFCMS \u00e0 Rome,","date":"29 d\u00e9cembre 2018","format":false,"excerpt":"l'ann\u00e9e 2018 a \u00e9t\u00e9 charg\u00e9e en voyages et rencontres voici un aper\u00e7u en quelques photos ! \u00a0 pr\u00e9sentation d'immunologie de Ju Liya et Zhu Miansheng \u00e0 Kunming \u00a0 \u00a0 \u00a0 \u00a0 lors de la 18\u00b0 cession du congr\u00e8s mondial de la WFCTCM \u00e0 Rome \u00a0 Organis\u00e9\u00a0 et pr\u00e9sid\u00e9 par Pr\u2026","rel":"","context":"Dans &quot;Galeries&quot;","img":{"alt_text":"","src":"https:\/\/i2.wp.com\/pefctcm.fr\/wordp\/wp-content\/uploads\/2018\/12\/IMG_1782-300x225.jpg?resize=350%2C200","width":350,"height":200},"classes":[]},{"id":1117,"url":"https:\/\/pefctcm.fr\/?p=1117","url_meta":{"origin":983,"position":3},"title":"Lettre pr\u00e9sidente 1er octobre 2020","date":"3 octobre 2020","format":false,"excerpt":"Chers coll\u00e8gues, chers membres et amis, Pendant la p\u00e9riode de l\u2019\u00e9quinoxe d\u2019automne, ce 1er octobre qui est la f\u00eate nationale chinoise est aussi cette ann\u00e9e la f\u00eate de la Lune. En cette p\u00e9riode particuli\u00e8re et difficile, nous vous souhaitons avec le c\u0153ur, la paix, et la r\u00e9ussite dans votre pratique.\u2026","rel":"","context":"Dans &quot;Actualit\u00e9s&quot;","img":{"alt_text":"","src":"","width":0,"height":0},"classes":[]},{"id":1089,"url":"https:\/\/pefctcm.fr\/?p=1089","url_meta":{"origin":983,"position":4},"title":"Lettre de la pr\u00e9sidente, octobre 2019","date":"20 octobre 2019","format":false,"excerpt":"Chers amis, Chers adh\u00e9rents, Quelques mots pour pr\u00e9senter la journ\u00e9e de la m\u00e9decine Chinoise qui a eu lieu le 4 octobre 2019. En novembre de l\u2019ann\u00e9e derni\u00e8re lors du 15\u00e8me congr\u00e8s international de M\u00e9decine Chinoise de la WFCMS \u00e0 Rome, la WFCMS a publi\u00e9 une d\u00e9claration sur la M\u00e9decine Chinoise\u2026","rel":"","context":"Dans &quot;Tous&quot;","img":{"alt_text":"","src":"","width":0,"height":0},"classes":[]},{"id":1009,"url":"https:\/\/pefctcm.fr\/?p=1009","url_meta":{"origin":983,"position":5},"title":"programme de 2 ans ATAS 2018-2019 \u00e0 Paris","date":"15 novembre 2018","format":false,"excerpt":"4 M\u00e9thodes, 4 stages, 4 week-end, 2 ans Le programme d'\u00e9tude permet d'apprendre \u00e0 utiliser les 4 m\u00e9thodes classiques de chrono-acupuncture en 4 week end r\u00e9partis sur 2 ann\u00e9es, ainsi donc, sur une ann\u00e9e,\u00a0 les 2 m\u00e9thodes utilisant les points clefs d'ouverture des m\u00e9ridiens curieux: Linggui bafa et Feiteng bafa\u2026","rel":"","context":"Dans &quot;S\u00e9minaires&quot;","img":{"alt_text":"","src":"","width":0,"height":0},"classes":[]}],"_links":{"self":[{"href":"https:\/\/pefctcm.fr\/index.php?rest_route=\/wp\/v2\/posts\/983"}],"collection":[{"href":"https:\/\/pefctcm.fr\/index.php?rest_route=\/wp\/v2\/posts"}],"about":[{"href":"https:\/\/pefctcm.fr\/index.php?rest_route=\/wp\/v2\/types\/post"}],"author":[{"embeddable":true,"href":"https:\/\/pefctcm.fr\/index.php?rest_route=\/wp\/v2\/users\/1"}],"replies":[{"embeddable":true,"href":"https:\/\/pefctcm.fr\/index.php?rest_route=%2Fwp%2Fv2%2Fcomments&post=983"}],"version-history":[{"count":1,"href":"https:\/\/pefctcm.fr\/index.php?rest_route=\/wp\/v2\/posts\/983\/revisions"}],"predecessor-version":[{"id":990,"href":"https:\/\/pefctcm.fr\/index.php?rest_route=\/wp\/v2\/posts\/983\/revisions\/990"}],"wp:attachment":[{"href":"https:\/\/pefctcm.fr\/index.php?rest_route=%2Fwp%2Fv2%2Fmedia&parent=983"}],"wp:term":[{"taxonomy":"category","embeddable":true,"href":"https:\/\/pefctcm.fr\/index.php?rest_route=%2Fwp%2Fv2%2Fcategories&post=983"},{"taxonomy":"post_tag","embeddable":true,"href":"https:\/\/pefctcm.fr\/index.php?rest_route=%2Fwp%2Fv2%2Ftags&post=983"}],"curies":[{"name":"wp","href":"https:\/\/api.w.org\/{rel}","templated":true}]}}